{"id":1616,"date":"2025-06-17T00:01:17","date_gmt":"2025-06-17T00:01:17","guid":{"rendered":"https:\/\/proyectomaloca.com\/?p=1616"},"modified":"2025-06-17T00:16:50","modified_gmt":"2025-06-17T00:16:50","slug":"de-la-cdmx-al-paraiso-natural-guia-para-un-fin-de-semana-en-proyecto-maloca","status":"publish","type":"post","link":"https:\/\/proyectomaloca.com\/en\/de-la-cdmx-al-paraiso-natural-guia-para-un-fin-de-semana-en-proyecto-maloca\/","title":{"rendered":"De la CDMX al para\u00edso natural: gu\u00eda para un fin de semana en Proyecto Maloca"},"content":{"rendered":"<div class=\"wp-block-stackable-columns stk-block-columns stk-block stk-fca8220\" data-block-id=\"fca8220\"><div class=\"stk-row stk-inner-blocks stk-block-content stk-content-align stk-fca8220-column\">\n<div class=\"wp-block-stackable-column stk-block-column stk-column stk-block stk-f6f2eff\" data-v=\"4\" data-block-id=\"f6f2eff\"><div class=\"stk-column-wrapper stk-block-column__content stk-container stk-f6f2eff-container stk--no-background stk--no-padding\"><div class=\"stk-block-content stk-inner-blocks stk-f6f2eff-inner-blocks\">\n<div class=\"wp-block-stackable-heading stk-block-heading stk-block-heading--v2 stk-block stk-247d2b0\" id=\"strong-de-la-cdmx-al-paraiso-natural-guia-para-un-fin-de-semana-en-proyecto-maloca-strong\" data-block-id=\"247d2b0\"><h2 class=\"stk-block-heading__text\"><strong>De la CDMX al para\u00edso natural: gu\u00eda para un fin de semana en Proyecto Maloca<\/strong><\/h2><\/div>\n\n\n\n<div class=\"wp-block-stackable-text stk-block-text stk-block stk-c8be257\" data-block-id=\"c8be257\"><p class=\"stk-block-text__text\"><strong>Junio 4 2025<\/strong><br><br><strong>\u00bfVives en la Ciudad de M\u00e9xico y necesitas un fin de semana que se sienta distinto?<\/strong><\/p><\/div>\n\n\n\n<p>Entre el claxon constante, las alertas del celular y el calendario que no perdona, es f\u00e1cil olvidar c\u00f3mo suena el silencio o c\u00f3mo se siente un d\u00eda sin prisa. A veces no necesitas ir lejos, sino ir hacia adentro. <strong>Proyecto Maloca<\/strong>, en la costa virgen de <strong>Michoac\u00e1n<\/strong>, es ese lugar que no compite por tu atenci\u00f3n, simplemente te la devuelve.<\/p>\n\n\n\n<p>Aqu\u00ed no hay hoteles masivos, ni bares con bocinas gigantes, ni notificaciones que interrumpan tu paz. <strong>Hay mar, manglares, aves, estrellas y tiempo<\/strong>\u2026 todo en su ritmo natural.<\/p>\n\n\n\n<h2 class=\"wp-block-heading\"><strong>\u00bfC\u00f3mo llegar desde la CDMX a Proyecto Maloca?<\/strong><\/h2>\n\n\n\n<h3 class=\"wp-block-heading\"><strong>En auto (aproximadamente 8 a 9 horas)<\/strong><\/h3>\n\n\n\n<ul class=\"wp-block-list\">\n<li><strong>Ruta recomendada:<\/strong><strong><br><\/strong>\n<ol class=\"wp-block-list\">\n<li>CDMX \u2192 Toluca \u2192 Morelia<br><\/li>\n\n\n\n<li>Morelia \u2192 Uruapan \u2192 Nueva Italia<br><\/li>\n\n\n\n<li>Nueva Italia \u2192 L\u00e1zaro C\u00e1rdenas<br><\/li>\n\n\n\n<li>L\u00e1zaro C\u00e1rdenas \u2192 Proyecto Maloca<br><\/li>\n<\/ol>\n<\/li>\n<\/ul>\n\n\n\n<p>Esta opci\u00f3n es perfecta si quieres viajar en pareja o con amigos, haciendo paradas en el camino para conocer pueblos, comer bien o descansar un rato.<\/p>\n\n\n\n<h3 class=\"wp-block-heading\"><strong>En autob\u00fas (y traslado posterior)<\/strong><\/h3>\n\n\n\n<ul class=\"wp-block-list\">\n<li><strong>Autobuses desde CDMX a L\u00e1zaro C\u00e1rdenas<\/strong> (ETN, Futura, Parhikuni) desde la Terminal Poniente.<br><\/li>\n\n\n\n<li>Duraci\u00f3n: entre <strong>10 y 12 horas<\/strong>.<br><\/li>\n\n\n\n<li>Desde L\u00e1zaro C\u00e1rdenas, puedes coordinar con Proyecto Maloca un servicio de transporte privado o taxi local hasta el alojamiento.<br><\/li>\n<\/ul>\n\n\n\n<p><strong>Tip:<\/strong> Si sales viernes por la noche en autob\u00fas, estar\u00e1s amaneciendo cerca del para\u00edso.<\/p>\n\n\n\n<hr class=\"wp-block-separator has-alpha-channel-opacity\"\/>\n\n\n\n<h2 class=\"wp-block-heading\"><strong>\u00bfQu\u00e9 hace \u00fanico a Proyecto Maloca?<\/strong><\/h2>\n\n\n\n<p>Mientras en la ciudad todo acelera, <strong>Maloca invita a frenar<\/strong>. No es solo un hospedaje ecol\u00f3gico, es un <strong>espacio de reconexi\u00f3n<\/strong>, pensado para quienes <strong>necesitan dejar de correr y volver a respirar<\/strong>.<\/p>\n\n\n\n<ul class=\"wp-block-list\">\n<li><strong>Caba\u00f1as ecol\u00f3gicas frente al mar<\/strong>, hechas con materiales naturales.<br><\/li>\n\n\n\n<li><strong>Sin Wi-Fi, sin televisi\u00f3n, sin interrupciones.<\/strong><strong><br><\/strong><\/li>\n\n\n\n<li><strong>Energ\u00eda solar y ba\u00f1os secos:<\/strong> verdadera sostenibilidad.<br><\/li>\n\n\n\n<li><strong>Comida casera con pescado fresco y vegetales locales.<\/strong><strong><br><\/strong><\/li>\n\n\n\n<li><strong>Senderos, kayak, yoga, fogatas, estrellas, silencio.<\/strong><strong><br><\/strong><\/li>\n<\/ul>\n\n\n\n<hr class=\"wp-block-separator has-alpha-channel-opacity\"\/>\n\n\n\n<h2 class=\"wp-block-heading\"><strong>Itinerario sugerido: Fin de semana largo para reiniciar tu mente<\/strong><\/h2>\n\n\n\n<h3 class=\"wp-block-heading\"><strong>D\u00eda 1 \u2013 Llegada, descompresi\u00f3n y mar<\/strong><\/h3>\n\n\n\n<ul class=\"wp-block-list\">\n<li>Llegas a Proyecto Maloca, te reciben con agua fresca o infusi\u00f3n natural.<br><\/li>\n\n\n\n<li>Te instalas en tu caba\u00f1a, y descubres que el mar est\u00e1 <strong>a unos pasos<\/strong>.<br><\/li>\n\n\n\n<li>Paseas descalzo por la playa, ves el atardecer sin filtros.<br><\/li>\n\n\n\n<li>Cena tranquila. Est\u00e1s sin red&#8230; y no te hace falta.<br><\/li>\n<\/ul>\n\n\n\n<h3 class=\"wp-block-heading\"><strong>D\u00eda 2 \u2013 Naturaleza, descanso y reconexi\u00f3n<\/strong><\/h3>\n\n\n\n<ul class=\"wp-block-list\">\n<li>Despiertas con el sonido del mar y de las aves locales.<br><\/li>\n\n\n\n<li>Desayuno saludable y abundante.<br><\/li>\n\n\n\n<li>Puedes hacer kayak en el estero, caminar entre vegetaci\u00f3n costera o simplemente leer en tu hamaca.<br><\/li>\n\n\n\n<li>Por la noche: fogata, estrellas, silencio. Nadie habla fuerte. Aqu\u00ed todo se escucha distinto.<br><\/li>\n<\/ul>\n\n\n\n<h3 class=\"wp-block-heading\"><strong>D\u00eda 3 \u2013 Cierre consciente<\/strong><\/h3>\n\n\n\n<ul class=\"wp-block-list\">\n<li>Una \u00faltima caminata por la playa, quiz\u00e1s un journaling.<br><\/li>\n\n\n\n<li>Desayuno frente al mar y despedida pausada.<br><\/li>\n\n\n\n<li>Regresas con otra energ\u00eda&#8230; una m\u00e1s ligera, m\u00e1s tuya.<br><\/li>\n<\/ul>\n\n\n\n<hr class=\"wp-block-separator has-alpha-channel-opacity\"\/>\n\n\n\n<h2 class=\"wp-block-heading\"><strong>\u00bfPara qui\u00e9n es Maloca?<\/strong><\/h2>\n\n\n\n<ul class=\"wp-block-list\">\n<li>Para quienes <em>necesitan un fin de semana sin est\u00edmulos digitales<\/em>.<br><\/li>\n\n\n\n<li>Para los que buscan un <strong>turismo responsable<\/strong>, sin pl\u00e1sticos, sin ruidos, sin multitudes.<br><\/li>\n\n\n\n<li>Para personas que <em>valoran m\u00e1s un cielo estrellado que un bar con reguet\u00f3n<\/em>.<br><\/li>\n<\/ul>\n\n\n\n<p>Si eso suena a ti, ya sabes d\u00f3nde empezar.<\/p>\n\n\n\n<hr class=\"wp-block-separator has-alpha-channel-opacity\"\/>\n\n\n\n<h2 class=\"wp-block-heading\"><strong>Consejos para viajeros de la CDMX<\/strong><\/h2>\n\n\n\n<ul class=\"wp-block-list\">\n<li><strong>Empaca ligero<\/strong>: lleva ropa c\u00f3moda, calzado para caminatas suaves, repelente natural y tu libro favorito.<br><\/li>\n\n\n\n<li><strong>Deja tus pendientes resueltos<\/strong>: no hay se\u00f1al ni conexi\u00f3n, y es parte del encanto.<br><\/li>\n\n\n\n<li><strong>Reserva con anticipaci\u00f3n<\/strong>: Maloca tiene pocas caba\u00f1as, y fines de semana largos se llenan r\u00e1pido.<br><\/li>\n<\/ul>\n\n\n\n<hr class=\"wp-block-separator has-alpha-channel-opacity\"\/>\n\n\n\n<p>Viajar desde la CDMX a Proyecto Maloca <strong>es una desconexi\u00f3n real<\/strong>. Es cambiar el ruido por el oleaje, las notificaciones por las estrellas, y el ritmo de la ciudad por tu propio ritmo natural.<\/p>\n\n\n\n<p>Reserva tu caba\u00f1a ecol\u00f3gica aqu\u00ed y prep\u00e1rate para vivir un fin de semana como ninguno.<\/p>\n<\/div><\/div><\/div>\n<\/div><\/div>","protected":false},"excerpt":{"rendered":"<p>De la CDMX al para\u00edso natural: gu\u00eda para un fin de semana en Proyecto Maloca Junio 4 2025 \u00bfVives en la Ciudad de M\u00e9xico y necesitas un fin de semana que se sienta distinto? Entre el claxon constante, las alertas del celular y el calendario que no perdona, es f\u00e1cil olvidar c\u00f3mo suena el silencio [&hellip;]<\/p>","protected":false},"author":1,"featured_media":1123,"comment_status":"open","ping_status":"open","sticky":false,"template":"","format":"standard","meta":{"_uag_custom_page_level_css":"","footnotes":""},"categories":[1],"tags":[],"class_list":["post-1616","post","type-post","status-publish","format-standard","has-post-thumbnail","hentry","category-uncategorized"],"blocksy_meta":{"background":{"background_type":"color","background_pattern":"type-1","background_image":{"attachment_id":null,"x":0,"y":0},"gradient":"linear-gradient(135deg,rgba(6,147,227,1) 0%,rgb(155,81,224) 100%)","background_repeat":"repeat","background_size":"auto","background_attachment":"scroll","patternColor":{"default":{"color":"#e5e7ea"}},"overlayColor":{"default":{"color":"CT_CSS_SKIP_RULE"}},"backgroundColor":{"default":{"color":"var(--theme-palette-color-2)"}}},"has_hero_section":"enabled","hero_section":"type-2","hero_elements":[{"id":"custom_title","enabled":false,"heading_tag":"h1","title":"Inicio","__id":"ljpeAqsI99DhFW5QcXK4R"},{"id":"custom_description","enabled":true,"description_visibility":{"desktop":true,"tablet":true,"mobile":false},"__id":"spD6RRQ0Nqwnx9kxSxm2Z"},{"id":"custom_meta","enabled":true,"meta_elements":[{"id":"author","enabled":true,"label":"Por","has_author_avatar":"yes","avatar_size":25},{"id":"post_date","enabled":true,"label":"El","date_format_source":"default","date_format":"M j, Y"},{"id":"updated_date","enabled":false,"label":"El","date_format_source":"default","date_format":"M j, Y"},{"id":"categories","enabled":true,"label":"Dentro","style":"simple"},{"id":"comments","enabled":true}],"page_meta_elements":{"joined":true,"articles_count":true,"comments":true},"__id":"xEUlRS00zBoY2NuEnPzUH"},{"id":"breadcrumbs","enabled":false,"__id":"4vX3Jry3AtFtmuVsmMdGe"}],"styles_descriptor":{"styles":{"desktop":"[data-prefix=\"single_blog_post\"] .entry-header .page-title {--theme-font-size:30px;} [data-prefix=\"single_blog_post\"] .entry-header .entry-meta {--theme-font-weight:600;--theme-text-transform:uppercase;--theme-font-size:12px;--theme-line-height:1.3;} [data-prefix=\"single_blog_post\"] .hero-section[data-type=\"type-2\"] {background-color:var(--theme-palette-color-6);background-image:none;--container-padding:50px 0px;} [data-prefix=\"single_blog_post\"] {background-color:var(--theme-palette-color-2);background-image:none;}","tablet":"","mobile":""},"google_fonts":{"Kumbh Sans":["n4","n6"]},"version":6}},"aioseo_notices":[],"uagb_featured_image_src":{"full":["https:\/\/proyectomaloca.com\/wp-content\/uploads\/2025\/05\/NOSOTROS-2.jpg",440,518,false],"thumbnail":["https:\/\/proyectomaloca.com\/wp-content\/uploads\/2025\/05\/NOSOTROS-2-150x150.jpg",150,150,true],"medium":["https:\/\/proyectomaloca.com\/wp-content\/uploads\/2025\/05\/NOSOTROS-2-255x300.jpg",255,300,true],"medium_large":["https:\/\/proyectomaloca.com\/wp-content\/uploads\/2025\/05\/NOSOTROS-2.jpg",440,518,false],"large":["https:\/\/proyectomaloca.com\/wp-content\/uploads\/2025\/05\/NOSOTROS-2.jpg",440,518,false],"1536x1536":["https:\/\/proyectomaloca.com\/wp-content\/uploads\/2025\/05\/NOSOTROS-2.jpg",440,518,false],"2048x2048":["https:\/\/proyectomaloca.com\/wp-content\/uploads\/2025\/05\/NOSOTROS-2.jpg",440,518,false],"trp-custom-language-flag":["https:\/\/proyectomaloca.com\/wp-content\/uploads\/2025\/05\/NOSOTROS-2-10x12.jpg",10,12,true]},"uagb_author_info":{"display_name":"jcsistos1@gmail.com","author_link":"https:\/\/proyectomaloca.com\/en\/author\/jcsistos1gmail-com\/"},"uagb_comment_info":0,"uagb_excerpt":"De la CDMX al para\u00edso natural: gu\u00eda para un fin de semana en Proyecto Maloca Junio 4 2025 \u00bfVives en la Ciudad de M\u00e9xico y necesitas un fin de semana que se sienta distinto? Entre el claxon constante, las alertas del celular y el calendario que no perdona, es f\u00e1cil olvidar c\u00f3mo suena el silencio&hellip;","_links":{"self":[{"href":"https:\/\/proyectomaloca.com\/en\/wp-json\/wp\/v2\/posts\/1616","targetHints":{"allow":["GET"]}}],"collection":[{"href":"https:\/\/proyectomaloca.com\/en\/wp-json\/wp\/v2\/posts"}],"about":[{"href":"https:\/\/proyectomaloca.com\/en\/wp-json\/wp\/v2\/types\/post"}],"author":[{"embeddable":true,"href":"https:\/\/proyectomaloca.com\/en\/wp-json\/wp\/v2\/users\/1"}],"replies":[{"embeddable":true,"href":"https:\/\/proyectomaloca.com\/en\/wp-json\/wp\/v2\/comments?post=1616"}],"version-history":[{"count":1,"href":"https:\/\/proyectomaloca.com\/en\/wp-json\/wp\/v2\/posts\/1616\/revisions"}],"predecessor-version":[{"id":1617,"href":"https:\/\/proyectomaloca.com\/en\/wp-json\/wp\/v2\/posts\/1616\/revisions\/1617"}],"wp:featuredmedia":[{"embeddable":true,"href":"https:\/\/proyectomaloca.com\/en\/wp-json\/wp\/v2\/media\/1123"}],"wp:attachment":[{"href":"https:\/\/proyectomaloca.com\/en\/wp-json\/wp\/v2\/media?parent=1616"}],"wp:term":[{"taxonomy":"category","embeddable":true,"href":"https:\/\/proyectomaloca.com\/en\/wp-json\/wp\/v2\/categories?post=1616"},{"taxonomy":"post_tag","embeddable":true,"href":"https:\/\/proyectomaloca.com\/en\/wp-json\/wp\/v2\/tags?post=1616"}],"curies":[{"name":"wp","href":"https:\/\/api.w.org\/{rel}","templated":true}]}}